{"id":2694,"date":"2022-05-31T10:50:18","date_gmt":"2022-05-31T08:50:18","guid":{"rendered":"https:\/\/educagri27.fr\/?p=2694"},"modified":"2022-06-14T15:17:47","modified_gmt":"2022-06-14T13:17:47","slug":"le-lycee-gilbert-martin-du-neubourg-recoit-le-prix-de-laudace-artistique-et-culturelle-a-linstitut-de-france-de-paris","status":"publish","type":"post","link":"https:\/\/educagri27.fr\/index.php\/2022\/05\/31\/le-lycee-gilbert-martin-du-neubourg-recoit-le-prix-de-laudace-artistique-et-culturelle-a-linstitut-de-france-de-paris\/","title":{"rendered":"Le Lyc\u00e9e Gilbert Martin du Neubourg re\u00e7oit le prix de l\u2019audace artistique et culturelle \u00e0 l\u2019Institut de France de Paris"},"content":{"rendered":"\n<p><strong>Fort de 30 ans d\u2019exp\u00e9rience dans l\u2019accueil d\u2019artistes en r\u00e9sidence gr\u00e2ce \u00e0 l\u2019\u00e9ducation socioculturelle, discipline sp\u00e9cifique de l\u2019enseignement agricole, le lyc\u00e9e Gilbert Martin se voit r\u00e9compens\u00e9 par le Prix anniversaire des 10 ans de l\u2019audace artistique et culturelle.<\/strong><\/p>\n\n\n\n<p><strong>Qu\u2019est-ce que le Prix de l\u2019Audace artistique et culturelle&nbsp;?<\/strong><\/p>\n\n\n\n<p>Cr\u00e9\u00e9 en 2012 \u00e0 l&#8217;initiative de la Fondation Culture &amp; Diversit\u00e9, en partenariat avec les minist\u00e8res de l&#8217;\u00c9ducation nationale, de la Jeunesse et des Sports, de la Culture et de l&#8217;Agriculture et de l&#8217;Alimentation, ce prix vise \u00e0 r\u00e9compenser et \u00e0 soutenir des projets d&#8217;\u00e9ducation artistique et culturelle exemplaires en faveur des jeunes les plus \u00e9loign\u00e9s de la culture.<\/p>\n\n\n\n<p>Le prix de l&#8217;Audace artistique et culturelle permet de distinguer un trin\u00f4me &#8220;partenaire culturel-\u00e9tablissement scolaire-collectivit\u00e9 territoriale&#8221; portant une d\u00e9marche d&#8217;\u00e9ducation artistique et culturelle exemplaire en faveur de l&#8217;acc\u00e8s des jeunes aux arts et \u00e0 la culture.&nbsp;<\/p>\n\n\n\n<p>Une r\u00e9compense remise \u00e0 l\u2019Institut de France<\/p>\n\n\n\n<p>Le 30 mai, une d\u00e9l\u00e9gation du lyc\u00e9e compos\u00e9e de 31 \u00e9l\u00e8ves issus de toutes les classes du lyc\u00e9e et de 3 enseignant.e.s, du Proviseur, de la gestionnaire et d\u2019invit\u00e9s, a re\u00e7u sa r\u00e9compense devant un parterre de personnalit\u00e9s. Pour l\u2019occasion, Adrien, \u00e9l\u00e8ve de Terminale professionnelle Conduite et Gestion de l\u2019Entreprise Agricole et Laure, \u00e9l\u00e8ve de Terminale Sciences et Technologies de l\u2019Agronomie et du Vivant, ont remerci\u00e9 les artistes, les structures culturelles comme le Centre photographique Rouen Normandie et les partenaires de l\u2019\u00e9tablissement&nbsp;: Mairie du Neubourg, Conseil r\u00e9gional, DRAC, DRAAF.<\/p>\n\n\n\n<p>Cette ann\u00e9e l\u2019\u00e9tablissement a propos\u00e9 3 expositions. L\u2019une, <em>P\u00e9r\u00e9grinations<\/em>,&nbsp; a \u00e9t\u00e9 con\u00e7ue \u00e0 partir du fond de l\u2019Artoth\u00e8que de Caen. Une seconde, <em>Tout doit dispara\u00eetre<\/em>, carte blanche \u00e0 Dominique Hermier a \u00e9t\u00e9 \u00e9labor\u00e9e par le Conseil en Architecture, Urbanisme Environnement de l\u2019Eure.<\/p>\n\n\n\n<p><\/p>\n\n\n\n<figure class=\"wp-block-gallery columns-2 is-cropped wp-block-gallery-1 is-layout-flex wp-block-gallery-is-layout-flex\"><ul class=\"blocks-gallery-grid\"><li class=\"blocks-gallery-item\"><figure><img loading=\"lazy\" decoding=\"async\" width=\"1024\" height=\"766\" src=\"https:\/\/educagri27.fr\/wp-content\/uploads\/2022\/05\/IMG_20220530_145946-1024x766.jpg\" alt=\"\" data-id=\"2695\" data-full-url=\"https:\/\/educagri27.fr\/wp-content\/uploads\/2022\/05\/IMG_20220530_145946-scaled.jpg\" data-link=\"https:\/\/educagri27.fr\/?attachment_id=2695\" class=\"wp-image-2695\" srcset=\"https:\/\/educagri27.fr\/wp-content\/uploads\/2022\/05\/IMG_20220530_145946-1024x766.jpg 1024w, https:\/\/educagri27.fr\/wp-content\/uploads\/2022\/05\/IMG_20220530_145946-300x224.jpg 300w, https:\/\/educagri27.fr\/wp-content\/uploads\/2022\/05\/IMG_20220530_145946-768x575.jpg 768w, https:\/\/educagri27.fr\/wp-content\/uploads\/2022\/05\/IMG_20220530_145946-1536x1149.jpg 1536w, https:\/\/educagri27.fr\/wp-content\/uploads\/2022\/05\/IMG_20220530_145946-2048x1532.jpg 2048w, https:\/\/educagri27.fr\/wp-content\/uploads\/2022\/05\/IMG_20220530_145946-560x419.jpg 560w, https:\/\/educagri27.fr\/wp-content\/uploads\/2022\/05\/IMG_20220530_145946-260x195.jpg 260w, https:\/\/educagri27.fr\/wp-content\/uploads\/2022\/05\/IMG_20220530_145946-360x270.jpg 360w, https:\/\/educagri27.fr\/wp-content\/uploads\/2022\/05\/IMG_20220530_145946-480x360.jpg 480w, https:\/\/educagri27.fr\/wp-content\/uploads\/2022\/05\/IMG_20220530_145946-660x495.jpg 660w\" sizes=\"auto, (max-width: 1024px) 100vw, 1024px\" \/><\/figure><\/li><li class=\"blocks-gallery-item\"><figure><img loading=\"lazy\" decoding=\"async\" width=\"800\" height=\"600\" src=\"https:\/\/educagri27.fr\/wp-content\/uploads\/2022\/05\/IMG_20220530_171051.jpg\" alt=\"\" data-id=\"2697\" data-full-url=\"https:\/\/educagri27.fr\/wp-content\/uploads\/2022\/05\/IMG_20220530_171051.jpg\" data-link=\"https:\/\/educagri27.fr\/?attachment_id=2697\" class=\"wp-image-2697\" srcset=\"https:\/\/educagri27.fr\/wp-content\/uploads\/2022\/05\/IMG_20220530_171051.jpg 800w, https:\/\/educagri27.fr\/wp-content\/uploads\/2022\/05\/IMG_20220530_171051-300x225.jpg 300w, https:\/\/educagri27.fr\/wp-content\/uploads\/2022\/05\/IMG_20220530_171051-768x576.jpg 768w, https:\/\/educagri27.fr\/wp-content\/uploads\/2022\/05\/IMG_20220530_171051-560x420.jpg 560w, https:\/\/educagri27.fr\/wp-content\/uploads\/2022\/05\/IMG_20220530_171051-260x195.jpg 260w, https:\/\/educagri27.fr\/wp-content\/uploads\/2022\/05\/IMG_20220530_171051-360x270.jpg 360w, https:\/\/educagri27.fr\/wp-content\/uploads\/2022\/05\/IMG_20220530_171051-480x360.jpg 480w, https:\/\/educagri27.fr\/wp-content\/uploads\/2022\/05\/IMG_20220530_171051-660x495.jpg 660w, https:\/\/educagri27.fr\/wp-content\/uploads\/2022\/05\/IMG_20220530_171051-760x571.jpg 760w\" sizes=\"auto, (max-width: 800px) 100vw, 800px\" \/><\/figure><\/li><li class=\"blocks-gallery-item\"><figure><img loading=\"lazy\" decoding=\"async\" width=\"647\" height=\"484\" src=\"https:\/\/educagri27.fr\/wp-content\/uploads\/2022\/05\/IMG_20220530_171155.jpg\" alt=\"\" data-id=\"2699\" data-full-url=\"https:\/\/educagri27.fr\/wp-content\/uploads\/2022\/05\/IMG_20220530_171155.jpg\" data-link=\"https:\/\/educagri27.fr\/?attachment_id=2699\" class=\"wp-image-2699\" srcset=\"https:\/\/educagri27.fr\/wp-content\/uploads\/2022\/05\/IMG_20220530_171155.jpg 647w, https:\/\/educagri27.fr\/wp-content\/uploads\/2022\/05\/IMG_20220530_171155-300x224.jpg 300w, https:\/\/educagri27.fr\/wp-content\/uploads\/2022\/05\/IMG_20220530_171155-560x419.jpg 560w, https:\/\/educagri27.fr\/wp-content\/uploads\/2022\/05\/IMG_20220530_171155-260x195.jpg 260w, https:\/\/educagri27.fr\/wp-content\/uploads\/2022\/05\/IMG_20220530_171155-360x270.jpg 360w, https:\/\/educagri27.fr\/wp-content\/uploads\/2022\/05\/IMG_20220530_171155-480x360.jpg 480w\" sizes=\"auto, (max-width: 647px) 100vw, 647px\" \/><\/figure><\/li><li class=\"blocks-gallery-item\"><figure><img loading=\"lazy\" decoding=\"async\" width=\"744\" height=\"975\" src=\"https:\/\/educagri27.fr\/wp-content\/uploads\/2022\/05\/unnamed.jpeg\" alt=\"\" data-id=\"2700\" data-full-url=\"https:\/\/educagri27.fr\/wp-content\/uploads\/2022\/05\/unnamed.jpeg\" data-link=\"https:\/\/educagri27.fr\/?attachment_id=2700\" class=\"wp-image-2700\" srcset=\"https:\/\/educagri27.fr\/wp-content\/uploads\/2022\/05\/unnamed.jpeg 744w, https:\/\/educagri27.fr\/wp-content\/uploads\/2022\/05\/unnamed-229x300.jpeg 229w, https:\/\/educagri27.fr\/wp-content\/uploads\/2022\/05\/unnamed-560x734.jpeg 560w\" sizes=\"auto, (max-width: 744px) 100vw, 744px\" \/><\/figure><\/li><li class=\"blocks-gallery-item\"><figure><img loading=\"lazy\" decoding=\"async\" width=\"1024\" height=\"766\" src=\"https:\/\/educagri27.fr\/wp-content\/uploads\/2022\/05\/IMG_20220530_151243-1024x766.jpg\" alt=\"\" data-id=\"2696\" data-full-url=\"https:\/\/educagri27.fr\/wp-content\/uploads\/2022\/05\/IMG_20220530_151243-scaled.jpg\" data-link=\"https:\/\/educagri27.fr\/?attachment_id=2696\" class=\"wp-image-2696\" srcset=\"https:\/\/educagri27.fr\/wp-content\/uploads\/2022\/05\/IMG_20220530_151243-1024x766.jpg 1024w, https:\/\/educagri27.fr\/wp-content\/uploads\/2022\/05\/IMG_20220530_151243-300x224.jpg 300w, https:\/\/educagri27.fr\/wp-content\/uploads\/2022\/05\/IMG_20220530_151243-768x575.jpg 768w, https:\/\/educagri27.fr\/wp-content\/uploads\/2022\/05\/IMG_20220530_151243-1536x1149.jpg 1536w, https:\/\/educagri27.fr\/wp-content\/uploads\/2022\/05\/IMG_20220530_151243-2048x1532.jpg 2048w, https:\/\/educagri27.fr\/wp-content\/uploads\/2022\/05\/IMG_20220530_151243-560x419.jpg 560w, https:\/\/educagri27.fr\/wp-content\/uploads\/2022\/05\/IMG_20220530_151243-260x195.jpg 260w, https:\/\/educagri27.fr\/wp-content\/uploads\/2022\/05\/IMG_20220530_151243-360x270.jpg 360w, https:\/\/educagri27.fr\/wp-content\/uploads\/2022\/05\/IMG_20220530_151243-480x360.jpg 480w, https:\/\/educagri27.fr\/wp-content\/uploads\/2022\/05\/IMG_20220530_151243-660x495.jpg 660w\" sizes=\"auto, (max-width: 1024px) 100vw, 1024px\" \/><\/figure><\/li><\/ul><\/figure>\n\n\n\n<figure class=\"wp-block-image size-full\"><img loading=\"lazy\" decoding=\"async\" width=\"863\" height=\"593\" src=\"https:\/\/educagri27.fr\/wp-content\/uploads\/2022\/06\/2022-06-08_Courrier-de-lEure.jpg\" alt=\"\" class=\"wp-image-2712\" srcset=\"https:\/\/educagri27.fr\/wp-content\/uploads\/2022\/06\/2022-06-08_Courrier-de-lEure.jpg 863w, https:\/\/educagri27.fr\/wp-content\/uploads\/2022\/06\/2022-06-08_Courrier-de-lEure-300x206.jpg 300w, https:\/\/educagri27.fr\/wp-content\/uploads\/2022\/06\/2022-06-08_Courrier-de-lEure-768x528.jpg 768w, https:\/\/educagri27.fr\/wp-content\/uploads\/2022\/06\/2022-06-08_Courrier-de-lEure-560x385.jpg 560w\" sizes=\"auto, (max-width: 863px) 100vw, 863px\" \/><\/figure>\n","protected":false},"excerpt":{"rendered":"<p>Fort de 30 ans d\u2019exp\u00e9rience dans l\u2019accueil d\u2019artistes en r\u00e9sidence gr\u00e2ce \u00e0 l\u2019\u00e9ducation socioculturelle, discipline sp\u00e9cifique de l\u2019enseignement agricole, le lyc\u00e9e Gilbert Martin se voit r\u00e9compens\u00e9 par le Prix anniversaire des 10 ans de l\u2019audace artistique et culturelle. Qu\u2019est-ce que le Prix de l\u2019Audace artistique et culturelle&nbsp;? Cr\u00e9\u00e9 en 2012 \u00e0 l&#8217;initiative de la Fondation &hellip;<\/p>\n","protected":false},"author":1,"featured_media":2696,"comment_status":"closed","ping_status":"open","sticky":false,"template":"","format":"standard","meta":{"footnotes":""},"categories":[4],"tags":[],"class_list":["post-2694","post","type-post","status-publish","format-standard","has-post-thumbnail","hentry","category-actu-neubourg","has-thumb"],"_links":{"self":[{"href":"https:\/\/educagri27.fr\/index.php\/wp-json\/wp\/v2\/posts\/2694","targetHints":{"allow":["GET"]}}],"collection":[{"href":"https:\/\/educagri27.fr\/index.php\/wp-json\/wp\/v2\/posts"}],"about":[{"href":"https:\/\/educagri27.fr\/index.php\/wp-json\/wp\/v2\/types\/post"}],"author":[{"embeddable":true,"href":"https:\/\/educagri27.fr\/index.php\/wp-json\/wp\/v2\/users\/1"}],"replies":[{"embeddable":true,"href":"https:\/\/educagri27.fr\/index.php\/wp-json\/wp\/v2\/comments?post=2694"}],"version-history":[{"count":0,"href":"https:\/\/educagri27.fr\/index.php\/wp-json\/wp\/v2\/posts\/2694\/revisions"}],"wp:featuredmedia":[{"embeddable":true,"href":"https:\/\/educagri27.fr\/index.php\/wp-json\/wp\/v2\/media\/2696"}],"wp:attachment":[{"href":"https:\/\/educagri27.fr\/index.php\/wp-json\/wp\/v2\/media?parent=2694"}],"wp:term":[{"taxonomy":"category","embeddable":true,"href":"https:\/\/educagri27.fr\/index.php\/wp-json\/wp\/v2\/categories?post=2694"},{"taxonomy":"post_tag","embeddable":true,"href":"https:\/\/educagri27.fr\/index.php\/wp-json\/wp\/v2\/tags?post=2694"}],"curies":[{"name":"wp","href":"https:\/\/api.w.org\/{rel}","templated":true}]}}