{"id":3300,"date":"2022-10-14T10:25:00","date_gmt":"2022-10-14T08:25:00","guid":{"rendered":"https:\/\/educagri27.fr\/?p=3300"},"modified":"2022-10-18T10:27:37","modified_gmt":"2022-10-18T08:27:37","slug":"le-cree-du-lycee-edouard-de-chambray-participera-au-colloque-international","status":"publish","type":"post","link":"https:\/\/educagri27.fr\/index.php\/2022\/10\/14\/le-cree-du-lycee-edouard-de-chambray-participera-au-colloque-international\/","title":{"rendered":"Le CR\u00c9E du lyc\u00e9e \u00c9douard de Chambray participera au colloque international"},"content":{"rendered":"\n<p>Le vendredi 21 octobre le CR\u00c9E du lyc\u00e9e \u00c9douard de Chambray participera au colloque international \u00ab les mares, un patrimoine naturel construit, un patrimoine culturel n\u00e9glig\u00e9 \u00bb. co-organis\u00e9 par la Soci\u00e9t\u00e9 Nationale de Protection de la Nature, l\u2019Association pour le D\u00e9veloppement de la Recherche et de l\u2019Enseignement sur l\u2019Environnement (ADREE), NaturAgora et le Groupe d\u2019Histoire des Zones Humides (GHZH) qui aura lieu \u00e0 Laon du 20 au 22 octobre prochain.<\/p>\n\n\n\n<p>Le&nbsp;<a href=\"https:\/\/www.facebook.com\/cree.chambray.9?__cft__[0]=AZVYWd4Pa5yoWWvLAsoRm1-QhSPZTf69wTcGPzQ36oGsi2byVski31t-ZpI7JGullI9PLbLwxtkZlw6PIfAICqchwi3kRCtXj9VuWxiqdeQcZZayTaIQp06AL7AamlZQ3VUjVAv3lGlhcq03u8MFTapJKfTqEyt2KbrvzeZqoto7JYcgiK1WQjF9ar27dWc6OkM&amp;__tn__=-]K*F\">Cr\u00e9e Chambray<\/a>&nbsp;pr\u00e9sentera les activit\u00e9s qui ont \u00e9t\u00e9 r\u00e9alis\u00e9es ces derni\u00e8res ann\u00e9es sur la gestion et la sauvegarde des mares. Une opportunit\u00e9 pour valoriser le travail effectu\u00e9 par l\u2019ensemble de l\u2019\u00e9quipe enseignante, l\u2019\u00e9quipe du CR\u00c9E et l\u2019\u00e9quipe de l\u2019exploitation du lyc\u00e9e autour de cette th\u00e9matique.<\/p>\n\n\n\n<p>Le titre de l\u2019intervention est le suivant \u00ab la protection des mares de Normandie et le Centre de Ressources et d\u2019\u00e9ducation \u00e0 l\u2019environnement. Enjeux p\u00e9dagogiques, territoriaux, patrimoniaux.<\/p>\n\n\n\n<p>Si vous voulez y participer,<br>le colloque est ouvert au public. Une inscription pr\u00e9alable est obligatoire via ce lien :&nbsp;<a href=\"https:\/\/l.facebook.com\/l.php?u=https%3A%2F%2Fmares-laon-2022.sciencesconf.org%2F%3Ffbclid%3DIwAR2piCHd662BWTQUs6voNhzXxpkp47FvuGjvEG95vB0xtFbEqo3fKq1pE7E&amp;h=AT15GNCSyy3aCez3zU13-CT7yd52_iiEpJ0KEzC8ZeNevP2zRdqBjsE8MwlxC9rzbS-ybErv3epZVRjAhsjO2wyShgOdDPKsM8NvNzbiB3u5AW2Jd83FZ3Zv5p3m0-tGe-PONxA2pw&amp;__tn__=-UK*F&amp;c[0]=AT0jer_0dIFYMmWaEeIDMtPm7GBkEtdOFedxD2zF-6Hgiuq-cWsj9Q8T7rJFzO6nkhOr_tOdRjfgoyZP6TukQjizoGTfh3HUwAGV9spUG-YVGc2Z3sBjEC21hSV6LF6nGiV6TIlDbPqM7ZYZcvWfwbpnFIsg5yGdahYA2FfIp4-YbxpkKA8q-VbjRv7oZkGJGnzOVUeyL8SD\" rel=\"noreferrer noopener\" target=\"_blank\">https:\/\/mares-laon-2022.sciencesconf.org<\/a><\/p>\n\n\n\n<p>Retrouvez le programme complet\u00a0<img loading=\"lazy\" decoding=\"async\" height=\"16\" width=\"16\" alt=\"\ud83d\udc47\" src=\"https:\/\/static.xx.fbcdn.net\/images\/emoji.php\/v9\/tee\/2\/16\/1f447.png\"><br><a rel=\"noreferrer noopener\" href=\"https:\/\/drive.google.com\/file\/d\/1R_aKY8aq3uBSDyIIk_4s_zK7ocizeXk0\/view?usp=sharing&amp;fbclid=IwAR2ADPTDLQGR9k5DgLRi7rpSRR3MMvg94iFH6hflo4QmtC31vmGB-pV6WsQ\" target=\"_blank\">https:\/\/drive.google.com\/&#8230;\/1R_aKY8aq3uBSDyIIk&#8230;\/view&#8230;<\/a><\/p>\n\n\n\n<figure class=\"wp-block-image size-large\"><img loading=\"lazy\" decoding=\"async\" width=\"724\" height=\"1024\" src=\"https:\/\/educagri27.fr\/wp-content\/uploads\/2022\/10\/311327673-724x1024.jpeg\" alt=\"\" class=\"wp-image-3301\" srcset=\"https:\/\/educagri27.fr\/wp-content\/uploads\/2022\/10\/311327673-724x1024.jpeg 724w, https:\/\/educagri27.fr\/wp-content\/uploads\/2022\/10\/311327673-212x300.jpeg 212w, https:\/\/educagri27.fr\/wp-content\/uploads\/2022\/10\/311327673-768x1086.jpeg 768w, https:\/\/educagri27.fr\/wp-content\/uploads\/2022\/10\/311327673-1086x1536.jpeg 1086w, https:\/\/educagri27.fr\/wp-content\/uploads\/2022\/10\/311327673-560x792.jpeg 560w, https:\/\/educagri27.fr\/wp-content\/uploads\/2022\/10\/311327673.jpeg 1448w\" sizes=\"auto, (max-width: 724px) 100vw, 724px\" \/><\/figure>\n","protected":false},"excerpt":{"rendered":"<p>Le vendredi 21 octobre le CR\u00c9E du lyc\u00e9e \u00c9douard de Chambray participera au colloque international \u00ab les mares, un patrimoine naturel construit, un patrimoine culturel n\u00e9glig\u00e9 \u00bb. co-organis\u00e9 par la Soci\u00e9t\u00e9 Nationale de Protection de la Nature, l\u2019Association pour le D\u00e9veloppement de la Recherche et de l\u2019Enseignement sur l\u2019Environnement (ADREE), NaturAgora et le Groupe d\u2019Histoire &hellip;<\/p>\n","protected":false},"author":1,"featured_media":3301,"comment_status":"closed","ping_status":"open","sticky":false,"template":"","format":"standard","meta":{"footnotes":""},"categories":[3],"tags":[],"class_list":["post-3300","post","type-post","status-publish","format-standard","has-post-thumbnail","hentry","category-actu-chambray","has-thumb"],"_links":{"self":[{"href":"https:\/\/educagri27.fr\/index.php\/wp-json\/wp\/v2\/posts\/3300","targetHints":{"allow":["GET"]}}],"collection":[{"href":"https:\/\/educagri27.fr\/index.php\/wp-json\/wp\/v2\/posts"}],"about":[{"href":"https:\/\/educagri27.fr\/index.php\/wp-json\/wp\/v2\/types\/post"}],"author":[{"embeddable":true,"href":"https:\/\/educagri27.fr\/index.php\/wp-json\/wp\/v2\/users\/1"}],"replies":[{"embeddable":true,"href":"https:\/\/educagri27.fr\/index.php\/wp-json\/wp\/v2\/comments?post=3300"}],"version-history":[{"count":0,"href":"https:\/\/educagri27.fr\/index.php\/wp-json\/wp\/v2\/posts\/3300\/revisions"}],"wp:featuredmedia":[{"embeddable":true,"href":"https:\/\/educagri27.fr\/index.php\/wp-json\/wp\/v2\/media\/3301"}],"wp:attachment":[{"href":"https:\/\/educagri27.fr\/index.php\/wp-json\/wp\/v2\/media?parent=3300"}],"wp:term":[{"taxonomy":"category","embeddable":true,"href":"https:\/\/educagri27.fr\/index.php\/wp-json\/wp\/v2\/categories?post=3300"},{"taxonomy":"post_tag","embeddable":true,"href":"https:\/\/educagri27.fr\/index.php\/wp-json\/wp\/v2\/tags?post=3300"}],"curies":[{"name":"wp","href":"https:\/\/api.w.org\/{rel}","templated":true}]}}