{"id":3375,"date":"2022-11-29T10:12:26","date_gmt":"2022-11-29T09:12:26","guid":{"rendered":"https:\/\/educagri27.fr\/?p=3375"},"modified":"2022-11-29T10:12:27","modified_gmt":"2022-11-29T09:12:27","slug":"semaine-socio-technique-des-classes-de-bts-apv1-et-apv2","status":"publish","type":"post","link":"https:\/\/educagri27.fr\/index.php\/2022\/11\/29\/semaine-socio-technique-des-classes-de-bts-apv1-et-apv2\/","title":{"rendered":"Semaine socio technique des classes de BTS APV1 et APV2"},"content":{"rendered":"\n<p>Les \u00e9tudiants en APV1 et 2 travaillent cette semaine sur une probl\u00e9matique li\u00e9e \u00e0 la ressource en eau <img loading=\"lazy\" decoding=\"async\" height=\"16\" width=\"16\" alt=\"\ud83d\udca7\" src=\"https:\/\/static.xx.fbcdn.net\/images\/emoji.php\/v9\/te1\/2\/16\/1f4a7.png\">et \u00e0 l&#8217;utilisation des produits phyto par les agriculteurs sur le SERPN. A cette occasion, la DDTM est venue faire une pr\u00e9sentation de l&#8217;agriculture (et son \u00e9volution) dans l&#8217;Eure.RDV vendredi \u00e0 14h <img loading=\"lazy\" decoding=\"async\" height=\"16\" width=\"16\" alt=\"\ud83d\uddd3\" src=\"https:\/\/static.xx.fbcdn.net\/images\/emoji.php\/v9\/tfb\/2\/16\/1f5d3.png\">pour une restitution de leurs recherches <img loading=\"lazy\" decoding=\"async\" height=\"16\" width=\"16\" alt=\"\ud83d\ude01\" src=\"https:\/\/static.xx.fbcdn.net\/images\/emoji.php\/v9\/tee\/2\/16\/1f601.png\"><\/p>\n\n\n\n<figure class=\"wp-block-image size-large\"><img loading=\"lazy\" decoding=\"async\" width=\"1024\" height=\"461\" src=\"https:\/\/educagri27.fr\/wp-content\/uploads\/2022\/11\/IMG_20221128_150107-1024x461.jpg\" alt=\"\" class=\"wp-image-3376\" srcset=\"https:\/\/educagri27.fr\/wp-content\/uploads\/2022\/11\/IMG_20221128_150107-1024x461.jpg 1024w, https:\/\/educagri27.fr\/wp-content\/uploads\/2022\/11\/IMG_20221128_150107-300x135.jpg 300w, https:\/\/educagri27.fr\/wp-content\/uploads\/2022\/11\/IMG_20221128_150107-768x346.jpg 768w, https:\/\/educagri27.fr\/wp-content\/uploads\/2022\/11\/IMG_20221128_150107-1536x691.jpg 1536w, https:\/\/educagri27.fr\/wp-content\/uploads\/2022\/11\/IMG_20221128_150107-2048x922.jpg 2048w, https:\/\/educagri27.fr\/wp-content\/uploads\/2022\/11\/IMG_20221128_150107-560x252.jpg 560w\" sizes=\"auto, (max-width: 1024px) 100vw, 1024px\" \/><\/figure>\n","protected":false},"excerpt":{"rendered":"<p>Les \u00e9tudiants en APV1 et 2 travaillent cette semaine sur une probl\u00e9matique li\u00e9e \u00e0 la ressource en eau et \u00e0 l&#8217;utilisation des produits phyto par les agriculteurs sur le SERPN. A cette occasion, la DDTM est venue faire une pr\u00e9sentation de l&#8217;agriculture (et son \u00e9volution) dans l&#8217;Eure.RDV vendredi \u00e0 14h pour une restitution de leurs &hellip;<\/p>\n","protected":false},"author":1,"featured_media":3376,"comment_status":"closed","ping_status":"open","sticky":false,"template":"","format":"standard","meta":{"footnotes":""},"categories":[3],"tags":[],"class_list":["post-3375","post","type-post","status-publish","format-standard","has-post-thumbnail","hentry","category-actu-chambray","has-thumb"],"_links":{"self":[{"href":"https:\/\/educagri27.fr\/index.php\/wp-json\/wp\/v2\/posts\/3375","targetHints":{"allow":["GET"]}}],"collection":[{"href":"https:\/\/educagri27.fr\/index.php\/wp-json\/wp\/v2\/posts"}],"about":[{"href":"https:\/\/educagri27.fr\/index.php\/wp-json\/wp\/v2\/types\/post"}],"author":[{"embeddable":true,"href":"https:\/\/educagri27.fr\/index.php\/wp-json\/wp\/v2\/users\/1"}],"replies":[{"embeddable":true,"href":"https:\/\/educagri27.fr\/index.php\/wp-json\/wp\/v2\/comments?post=3375"}],"version-history":[{"count":0,"href":"https:\/\/educagri27.fr\/index.php\/wp-json\/wp\/v2\/posts\/3375\/revisions"}],"wp:featuredmedia":[{"embeddable":true,"href":"https:\/\/educagri27.fr\/index.php\/wp-json\/wp\/v2\/media\/3376"}],"wp:attachment":[{"href":"https:\/\/educagri27.fr\/index.php\/wp-json\/wp\/v2\/media?parent=3375"}],"wp:term":[{"taxonomy":"category","embeddable":true,"href":"https:\/\/educagri27.fr\/index.php\/wp-json\/wp\/v2\/categories?post=3375"},{"taxonomy":"post_tag","embeddable":true,"href":"https:\/\/educagri27.fr\/index.php\/wp-json\/wp\/v2\/tags?post=3375"}],"curies":[{"name":"wp","href":"https:\/\/api.w.org\/{rel}","templated":true}]}}