{"id":3631,"date":"2023-01-05T16:49:00","date_gmt":"2023-01-05T15:49:00","guid":{"rendered":"https:\/\/educagri27.fr\/?p=3631"},"modified":"2023-01-13T17:06:55","modified_gmt":"2023-01-13T16:06:55","slug":"education-aux-ecrans-2","status":"publish","type":"post","link":"https:\/\/educagri27.fr\/index.php\/2023\/01\/05\/education-aux-ecrans-2\/","title":{"rendered":"Education aux \u00e9crans"},"content":{"rendered":"\n<p>2\u00e8me s\u00e9ance pour les secondes en \u00e9ducation aux \u00e9crans avec un travail autour des discriminations, des clich\u00e9s et des  st\u00e9r\u00e9otypes.<\/p>\n\n\n\n<figure class=\"wp-block-image size-full\"><img loading=\"lazy\" decoding=\"async\" width=\"843\" height=\"632\" src=\"https:\/\/educagri27.fr\/wp-content\/uploads\/2023\/01\/9C7C7DE9-567D-415C-8907-222DBB2EB8A4.jpg\" alt=\"\" class=\"wp-image-3632\" srcset=\"https:\/\/educagri27.fr\/wp-content\/uploads\/2023\/01\/9C7C7DE9-567D-415C-8907-222DBB2EB8A4.jpg 843w, https:\/\/educagri27.fr\/wp-content\/uploads\/2023\/01\/9C7C7DE9-567D-415C-8907-222DBB2EB8A4-300x225.jpg 300w, https:\/\/educagri27.fr\/wp-content\/uploads\/2023\/01\/9C7C7DE9-567D-415C-8907-222DBB2EB8A4-768x576.jpg 768w, https:\/\/educagri27.fr\/wp-content\/uploads\/2023\/01\/9C7C7DE9-567D-415C-8907-222DBB2EB8A4-560x420.jpg 560w, https:\/\/educagri27.fr\/wp-content\/uploads\/2023\/01\/9C7C7DE9-567D-415C-8907-222DBB2EB8A4-260x195.jpg 260w, https:\/\/educagri27.fr\/wp-content\/uploads\/2023\/01\/9C7C7DE9-567D-415C-8907-222DBB2EB8A4-360x270.jpg 360w, https:\/\/educagri27.fr\/wp-content\/uploads\/2023\/01\/9C7C7DE9-567D-415C-8907-222DBB2EB8A4-480x360.jpg 480w, https:\/\/educagri27.fr\/wp-content\/uploads\/2023\/01\/9C7C7DE9-567D-415C-8907-222DBB2EB8A4-660x495.jpg 660w, https:\/\/educagri27.fr\/wp-content\/uploads\/2023\/01\/9C7C7DE9-567D-415C-8907-222DBB2EB8A4-760x571.jpg 760w\" sizes=\"auto, (max-width: 843px) 100vw, 843px\" \/><\/figure>\n","protected":false},"excerpt":{"rendered":"<p>2\u00e8me s\u00e9ance pour les secondes en \u00e9ducation aux \u00e9crans avec un travail autour des discriminations, des clich\u00e9s et des st\u00e9r\u00e9otypes.<\/p>\n","protected":false},"author":1,"featured_media":3632,"comment_status":"closed","ping_status":"open","sticky":false,"template":"","format":"standard","meta":{"footnotes":""},"categories":[3],"tags":[],"class_list":["post-3631","post","type-post","status-publish","format-standard","has-post-thumbnail","hentry","category-actu-chambray","has-thumb"],"_links":{"self":[{"href":"https:\/\/educagri27.fr\/index.php\/wp-json\/wp\/v2\/posts\/3631","targetHints":{"allow":["GET"]}}],"collection":[{"href":"https:\/\/educagri27.fr\/index.php\/wp-json\/wp\/v2\/posts"}],"about":[{"href":"https:\/\/educagri27.fr\/index.php\/wp-json\/wp\/v2\/types\/post"}],"author":[{"embeddable":true,"href":"https:\/\/educagri27.fr\/index.php\/wp-json\/wp\/v2\/users\/1"}],"replies":[{"embeddable":true,"href":"https:\/\/educagri27.fr\/index.php\/wp-json\/wp\/v2\/comments?post=3631"}],"version-history":[{"count":0,"href":"https:\/\/educagri27.fr\/index.php\/wp-json\/wp\/v2\/posts\/3631\/revisions"}],"wp:featuredmedia":[{"embeddable":true,"href":"https:\/\/educagri27.fr\/index.php\/wp-json\/wp\/v2\/media\/3632"}],"wp:attachment":[{"href":"https:\/\/educagri27.fr\/index.php\/wp-json\/wp\/v2\/media?parent=3631"}],"wp:term":[{"taxonomy":"category","embeddable":true,"href":"https:\/\/educagri27.fr\/index.php\/wp-json\/wp\/v2\/categories?post=3631"},{"taxonomy":"post_tag","embeddable":true,"href":"https:\/\/educagri27.fr\/index.php\/wp-json\/wp\/v2\/tags?post=3631"}],"curies":[{"name":"wp","href":"https:\/\/api.w.org\/{rel}","templated":true}]}}